{"id":518,"date":"2026-03-27T09:04:40","date_gmt":"2026-03-27T08:04:40","guid":{"rendered":"https:\/\/blog.exkalibr.sk\/?p=518"},"modified":"2026-04-01T06:45:23","modified_gmt":"2026-04-01T05:45:23","slug":"zahradne-traktory-cub-cadet","status":"publish","type":"post","link":"https:\/\/blog.exkalibr.sk\/index.php\/2026\/03\/27\/zahradne-traktory-cub-cadet\/","title":{"rendered":"Z\u00e1hradn\u00e9 traktory Cub Cadet"},"content":{"rendered":"<h1><\/h1>\n<p>&nbsp;<\/p>\n<h1 style=\"text-align: center;\"><strong>Z\u00e1hradn\u00e9 traktory Cub Cadet: V\u00fdkon a pohodlie pre kosenie ve\u013ek\u00fdch pl\u00f4ch<\/strong><\/h1>\n<p>&nbsp;<\/p>\n<p>Sez\u00f3na kosenia sa pomaly bl\u00ed\u017ei a pokia\u013e m\u00e1te v\u00e4\u010d\u0161iu z\u00e1hradu alebo rozsiahlej\u0161ie tr\u00e1vnat\u00e9 plochy, z\u00e1hradn\u00fd traktor je \u010dasto t\u00fdm najlep\u0161\u00edm rie\u0161en\u00edm. Pon\u00faka pohodlie, r\u00fdchlos\u0165 pr\u00e1ce a hlavne perfektn\u00fd v\u00fdsledok bez zbyto\u010dnej n\u00e1mahy.<\/p>\n<p>Na na\u0161om e-shope n\u00e1jdete \u0161irok\u00fd v\u00fdber <a href=\"https:\/\/www.exkalibr.sk\/zahrada-zahradni-naradi-sekacky-a-zahradni-nuzky-sekaci-traktory_c28124.html\" target=\"_blank\" rel=\"noopener\"><strong>z\u00e1hradn\u00fdch traktorov<\/strong><\/a>, ale aj <a href=\"https:\/\/www.exkalibr.sk\/zahrada-zahradni-naradi-sekacky-a-zahradni-nuzky-roboticke-sekacky_c28137.html\" target=\"_blank\" rel=\"noopener\"><strong>robotick\u00fdch kosa\u010diek<\/strong><\/a> pre r\u00f4zne typy z\u00e1hrad. K traktorom navy\u0161e pon\u00fakame aj praktick\u00e9 <a href=\"https:\/\/www.exkalibr.sk\/zahrada-zahradni-naradi-sekacky-a-zahradni-nuzky-sekaci-traktory-prislusenstvi-a-doplnky_c28141.html\" target=\"_blank\" rel=\"noopener\"><strong>pr\u00edslu\u0161enstvo<\/strong><\/a>, napr\u00edklad <a href=\"https:\/\/www.exkalibr.sk\/zahrada-zahradni-naradi-sekacky-a-zahradni-nuzky-sekaci-traktory-prislusenstvi-a-doplnky-rozmetadla_c28144.html\" target=\"_blank\" rel=\"noopener\"><strong>rozmetadl\u00e1<\/strong><\/a>, <a href=\"https:\/\/www.exkalibr.sk\/zahrada-zahradni-naradi-sekacky-a-zahradni-nuzky-sekaci-traktory-prislusenstvi-a-doplnky-snehove-radlice_c28147.html\" target=\"_blank\" rel=\"noopener\"><strong>radlice na sneh<\/strong><\/a> alebo \u010fal\u0161ie doplnky na celoro\u010dn\u00e9 vyu\u017eitie stroja.<\/p>\n<p>Samozrejmos\u0165ou je aj dostupnos\u0165 <a href=\"https:\/\/www.exkalibr.sk\/zahrada-zahradni-naradi-sekacky-a-zahradni-nuzky-sekaci-traktory-nahradni-dily_c28379.html\" target=\"_blank\" rel=\"noopener\"><strong>n\u00e1hradn\u00fdch dielov pre z\u00e1hradn\u00e9 traktory<\/strong><\/a>, v\u010faka ktor\u00fdm m\u00f4\u017eete svoj stroj udr\u017eiava\u0165 dlhodobo v skvelej kond\u00edcii.<\/p>\n<p>Vybran\u00e9 modely, ktor\u00e9 m\u00e1me aktu\u00e1lne na sklade, spadaj\u00fa do kateg\u00f3rie pre reziden\u010dn\u00e9 pou\u017eitie a pon\u00fakaj\u00fa skvel\u00fd pomer v\u00fdkonu a ceny. Navy\u0161e na ne z\u00edskate <strong><span style=\"color: #ff0000;\">z\u00e1ruku 3 roky<\/span><\/strong>, tak\u017ee m\u00e1te istotu bezstarostnej prev\u00e1dzky.<\/p>\n<p><img loading=\"lazy\" decoding=\"async\" class=\"size-medium wp-image-519 aligncenter\" src=\"http:\/\/blog.exkalibr.sk\/wp-content\/uploads\/2026\/03\/warranty-284x300.jpg\" alt=\"\" width=\"284\" height=\"300\" srcset=\"https:\/\/blog.exkalibr.sk\/wp-content\/uploads\/2026\/03\/warranty-284x300.jpg 284w, https:\/\/blog.exkalibr.sk\/wp-content\/uploads\/2026\/03\/warranty-640x675.jpg 640w, https:\/\/blog.exkalibr.sk\/wp-content\/uploads\/2026\/03\/warranty.jpg 652w\" sizes=\"auto, (max-width: 284px) 100vw, 284px\" \/><\/p>\n<p>Ako <strong><span style=\"color: #ff0000;\">autorizovan\u00fd predajca<\/span><\/strong> zais\u0165ujeme aj kompletn\u00fd servis t\u00fdchto strojov. Radi v\u00e1m pom\u00f4\u017eeme nielen s v\u00fdberom, ale postar\u00e1me sa aj o z\u00e1ru\u010dn\u00fd aj poz\u00e1ru\u010dn\u00fd servis a zaist\u00edme predsez\u00f3nnu aj sez\u00f3nnu \u00fadr\u017ebu, aby bol v\u00e1\u0161 traktor v\u017edy pripraven\u00fd na pr\u00e1cu.<\/p>\n<p>Nieko\u013eko ob\u013e\u00faben\u00fdch modelov zna\u010dky Cub Cadet m\u00e1me aktu\u00e1lne aj <a href=\"https:\/\/www.exkalibr.sk\/zahrada-zahradni-naradi-sekacky-a-zahradni-nuzky-sekaci-traktory_c28124.html?onstocki=1\" target=\"_blank\" rel=\"noopener\"><strong>skladom<\/strong><\/a> a niektor\u00e9 z nich si m\u00f4\u017eete prezrie\u0165 priamo na na\u0161ej predajni v T\u0159inci.<\/p>\n<p>Na\u0161i technici s\u00fa na tieto stroje za\u0161kolen\u00ed, tak\u017ee v\u00e1m radi poradia s v\u00fdberom spr\u00e1vneho modelu pod\u013ea ve\u013ekosti pozemku, ter\u00e9nu i sp\u00f4sobu kosenia. Pokia\u013e v\u00e1s niektor\u00fd z traktorov zaujme, m\u00f4\u017eete sa zastavi\u0165 osobne a pozrie\u0165 sa na\u0148 zbl\u00edzka.<\/p>\n<p>Po\u010fme sa pozrie\u0165 na nieko\u013eko modelov, ktor\u00e9 m\u00e1me aktu\u00e1lne na sklade.<\/p>\n<hr \/>\n<h1 style=\"text-align: center;\"><span style=\"color: #f8aa00;\"><strong>Cub Cadet Z2 127 \u2013 obratn\u00fd \u0161pecialista na ve\u013ek\u00e9 plochy<\/strong><\/span><\/h1>\n<p><img loading=\"lazy\" decoding=\"async\" class=\"wp-image-531 size-full aligncenter\" src=\"http:\/\/blog.exkalibr.sk\/wp-content\/uploads\/2026\/03\/cubcadet1.jpg\" alt=\"\" width=\"1100\" height=\"703\" srcset=\"https:\/\/blog.exkalibr.sk\/wp-content\/uploads\/2026\/03\/cubcadet1.jpg 1100w, https:\/\/blog.exkalibr.sk\/wp-content\/uploads\/2026\/03\/cubcadet1-300x192.jpg 300w, https:\/\/blog.exkalibr.sk\/wp-content\/uploads\/2026\/03\/cubcadet1-1024x654.jpg 1024w, https:\/\/blog.exkalibr.sk\/wp-content\/uploads\/2026\/03\/cubcadet1-768x491.jpg 768w, https:\/\/blog.exkalibr.sk\/wp-content\/uploads\/2026\/03\/cubcadet1-640x409.jpg 640w\" sizes=\"auto, (max-width: 1100px) 100vw, 1100px\" \/><\/p>\n<p style=\"text-align: left;\"><strong>Cub Cadet Z2 127<\/strong> je z\u00e1hradn\u00fd traktor s technol\u00f3giou Zero Radius, ktor\u00e1 umo\u017e\u0148uje ot\u00e1\u010danie takmer na mieste. Ovl\u00e1danie je rie\u0161en\u00e9 pomocou dvoch p\u00e1k, ktor\u00e9 zais\u0165uj\u00fa ve\u013emi presn\u00e9 man\u00e9vrovanie a r\u00fdchlu zmenu smeru. Tento sp\u00f4sob riadenia ocenia predov\u0161etk\u00fdm pou\u017e\u00edvatelia, ktor\u00ed chc\u00fa maxim\u00e1lnu obratnos\u0165 pri kosen\u00ed okolo stromov, z\u00e1honov alebo \u010fal\u0161\u00edch prek\u00e1\u017eok.<\/p>\n<p style=\"text-align: left;\">V kombin\u00e1cii so \u0161irok\u00fdm z\u00e1berom kosenia 127cm je ide\u00e1lny pre r\u00fdchlu \u00fadr\u017ebu v\u00e4\u010d\u0161\u00edch tr\u00e1vnat\u00fdch pl\u00f4ch. V\u00fdkonn\u00fd dvojvalcov\u00fd motor Kawasaki poskytuje dostatok sily aj pri n\u00e1ro\u010dnej\u0161om kosen\u00ed a robustn\u00e1 kon\u0161trukcia zaru\u010duje dlh\u00fa \u017eivotnos\u0165 stroja.<\/p>\n<p style=\"text-align: left;\">K traktoru je navy\u0161e mo\u017en\u00e9 dok\u00fapi\u0165 r\u00f4zne <a href=\"https:\/\/www.exkalibr.sk\/zahrada-zahradni-naradi-sekacky-a-zahradni-nuzky-sekaci-traktory-prislusenstvi-a-doplnky_c28141.html\" target=\"_blank\" rel=\"noopener\"><strong>doplnky pre z\u00e1hradn\u00e9 traktory<\/strong><\/a>. Pre pr\u00edpadn\u00e9 opravy a dlhodob\u00fa prev\u00e1dzku s\u00fa samozrejme dostupn\u00e9 aj <a href=\"https:\/\/www.exkalibr.sk\/zahrada-zahradni-naradi-sekacky-a-zahradni-nuzky-sekaci-traktory-nahradni-dily_c28379.html\" target=\"_blank\" rel=\"noopener\"><strong>n\u00e1hradn\u00e9 diely Cub Cadet<\/strong><\/a>.<\/p>\n<p style=\"text-align: left;\">Traktor si m\u00f4\u017eete detailnej\u0161ie prejs\u0165 na na\u0161om e-shope odkaz <a href=\"https:\/\/www.exkalibr.sk\/cub-cadet-z2-127-zahradni-sekaci-traktor-zero-turn-s-pakovym-ovladanim_d292523.html\" target=\"_blank\" rel=\"noopener\"><strong>tu<\/strong><\/a>.<\/p>\n<hr \/>\n<h1 style=\"text-align: center;\"><span style=\"color: #f8aa00;\"><strong>Cub Cadet LT2 R92 \u2013 praktick\u00fd traktor so zbern\u00fdm ko\u0161om<\/strong><\/span><img loading=\"lazy\" decoding=\"async\" class=\"wp-image-532 size-full aligncenter\" src=\"http:\/\/blog.exkalibr.sk\/wp-content\/uploads\/2026\/03\/cubcadet4.jpg\" alt=\"\" width=\"1250\" height=\"833\" srcset=\"https:\/\/blog.exkalibr.sk\/wp-content\/uploads\/2026\/03\/cubcadet4.jpg 1250w, https:\/\/blog.exkalibr.sk\/wp-content\/uploads\/2026\/03\/cubcadet4-300x200.jpg 300w, https:\/\/blog.exkalibr.sk\/wp-content\/uploads\/2026\/03\/cubcadet4-1024x682.jpg 1024w, https:\/\/blog.exkalibr.sk\/wp-content\/uploads\/2026\/03\/cubcadet4-768x512.jpg 768w, https:\/\/blog.exkalibr.sk\/wp-content\/uploads\/2026\/03\/cubcadet4-640x426.jpg 640w\" sizes=\"auto, (max-width: 1250px) 100vw, 1250px\" \/><\/h1>\n<p style=\"text-align: left;\">Pokia\u013e h\u013ead\u00e1te z\u00e1hradn\u00fd traktor so zbern\u00fdm ko\u0161om, model <strong>LT2 R92<\/strong> je ve\u013emi praktick\u00fdm rie\u0161en\u00edm pre \u00fadr\u017ebu stredne ve\u013ek\u00fdch a\u017e v\u00e4\u010d\u0161\u00edch z\u00e1hrad. V\u010faka zbern\u00e9mu ko\u0161u s objemom 245 litrov je pokosen\u00e1 tr\u00e1va ihne\u010f upratan\u00e1 a tr\u00e1vnik zost\u00e1va \u010dist\u00fd.<\/p>\n<p style=\"text-align: left;\">Hydrostatick\u00e1 prevodovka umo\u017e\u0148uje plynul\u00fa jazdu bez nutnosti radenia a dva sekacie no\u017ee zais\u0165uj\u00fa rovnomern\u00fd a \u010dist\u00fd strih.<\/p>\n<p style=\"text-align: left;\">K tomuto typu traktora je mo\u017en\u00e9 tie\u017e pripoji\u0165 r\u00f4zne <a href=\"https:\/\/www.exkalibr.sk\/zahrada-zahradni-naradi-sekacky-a-zahradni-nuzky-sekaci-traktory-prislusenstvi-a-doplnky_c28141.html\" target=\"_blank\" rel=\"noopener\"><strong>doplnky pre z\u00e1hradn\u00e9 traktory<\/strong><\/a>, napr\u00edklad <a href=\"https:\/\/www.exkalibr.sk\/zahrada-zahradni-naradi-sekacky-a-zahradni-nuzky-sekaci-traktory-prislusenstvi-a-doplnky-voziky_c28149.html\" target=\"_blank\" rel=\"noopener\"><strong>z\u00e1hradn\u00fd voz\u00edk<\/strong><\/a> na prevoz dreva, hliny alebo z\u00e1hradn\u00e9ho odpadu. Pre dlhodob\u00fa prev\u00e1dzku s\u00fa samozrejme dostupn\u00e9 aj <a href=\"https:\/\/www.exkalibr.sk\/zahrada-zahradni-naradi-sekacky-a-zahradni-nuzky-sekaci-traktory-nahradni-dily_c28379.html\" target=\"_blank\" rel=\"noopener\"><strong>n\u00e1hradn\u00e9 diely pre traktory Cub Cadet<\/strong><\/a>.<\/p>\n<h2 style=\"text-align: left;\"><strong>Hlavn\u00e9 v\u00fdhody<\/strong><\/h2>\n<ul>\n<li style=\"text-align: left;\">V\u00fdkonn\u00fd motor Cub Cadet OHV s objemom 547 cm\u00b3<\/li>\n<li style=\"text-align: left;\">\u0160\u00edrka kosenia 92 cm vhodn\u00e1 pre z\u00e1hrady a\u017e okolo 3500 m\u00b2<\/li>\n<li style=\"text-align: left;\">Hydrostatick\u00e1 prevodovka s plynul\u00fdm ovl\u00e1dan\u00edm no\u017en\u00fdm ped\u00e1lom<\/li>\n<li style=\"text-align: left;\">Dva no\u017ee pre rovnomern\u00e9 a \u010dist\u00e9 kosenie<\/li>\n<li style=\"text-align: left;\">Ve\u013ek\u00fd zbern\u00fd k\u00f4\u0161 s objemom 245 litrov<\/li>\n<li style=\"text-align: left;\">Komfortn\u00e9 sedadlo s vysok\u00fdm operadlom<\/li>\n<li style=\"text-align: left;\">LED svetl\u00e1 pre pr\u00e1cu aj pri hor\u0161ej vidite\u013enosti<\/li>\n<\/ul>\n<p style=\"text-align: left;\">Tento model je tie\u017e vystaven\u00fd na na\u0161ej predajni, kde si ho m\u00f4\u017eete pozrie\u0165 zbl\u00edzka.<\/p>\n<p style=\"text-align: left;\">Pokia\u013e v\u00e1s traktor zaujal viac inform\u00e1ci\u00ed n\u00e1jdete <a href=\"https:\/\/www.exkalibr.sk\/cub-cadet-lt2-r92-zahradni-sekaci-traktor-s-kosem_d292518.html\" target=\"_blank\" rel=\"noopener\"><strong>tu<\/strong><\/a>.<\/p>\n<hr \/>\n<h1 style=\"text-align: center;\"><span style=\"color: #f8aa00;\"><strong>Cub Cadet LT3 R102 \u2013 siln\u00fd pomocn\u00edk pre ve\u013ek\u00e9 z\u00e1hrady<\/strong><\/span><\/h1>\n<p><img loading=\"lazy\" decoding=\"async\" class=\"wp-image-533 size-full aligncenter\" src=\"http:\/\/blog.exkalibr.sk\/wp-content\/uploads\/2026\/03\/cubcadet2.jpg\" alt=\"\" width=\"797\" height=\"532\" srcset=\"https:\/\/blog.exkalibr.sk\/wp-content\/uploads\/2026\/03\/cubcadet2.jpg 797w, https:\/\/blog.exkalibr.sk\/wp-content\/uploads\/2026\/03\/cubcadet2-300x200.jpg 300w, https:\/\/blog.exkalibr.sk\/wp-content\/uploads\/2026\/03\/cubcadet2-768x513.jpg 768w, https:\/\/blog.exkalibr.sk\/wp-content\/uploads\/2026\/03\/cubcadet2-640x427.jpg 640w\" sizes=\"auto, (max-width: 797px) 100vw, 797px\" \/><\/p>\n<p><strong>Cub Cadet LT3 R102<\/strong> je v\u00fdkonn\u00fd z\u00e1hradn\u00fd traktor ur\u010den\u00fd na \u00fadr\u017ebu stredne ve\u013ek\u00fdch a\u017e ve\u013ek\u00fdch tr\u00e1vnat\u00fdch pl\u00f4ch. Dvojvalcov\u00fd motor Cub Cadet V-Twin s objemom 679 cm\u00b3 zais\u0165uje dostatok v\u00fdkonu aj pri n\u00e1ro\u010dnej\u0161ej pr\u00e1ci a pracovn\u00fd z\u00e1ber 102 cm umo\u017e\u0148uje r\u00fdchlu a efekt\u00edvnu \u00fadr\u017ebu v\u00e4\u010d\u0161\u00edch pl\u00f4ch.<\/p>\n<p>Hydrostatick\u00e1 prevodovka s plynul\u00fdm ovl\u00e1dan\u00edm pomocou no\u017en\u00e9ho ped\u00e1la zais\u0165uje pohodln\u00fa jazdu bez nutnosti radenia. Mal\u00fd polomer ot\u00e1\u010dania u\u013eah\u010duje man\u00e9vrovanie okolo prek\u00e1\u017eok a robustn\u00e1 kon\u0161trukcia sa postar\u00e1 o dlh\u00fa \u017eivotnos\u0165 stroja.<\/p>\n<p>Rovnako ako pri ostatn\u00fdch modeloch je mo\u017en\u00e9 traktor doplni\u0165 o r\u00f4zne <a href=\"https:\/\/www.exkalibr.sk\/zahrada-zahradni-naradi-sekacky-a-zahradni-nuzky-sekaci-traktory-prislusenstvi-a-doplnky_c28141.html\" target=\"_blank\" rel=\"noopener\"><strong>doplnky pre z\u00e1hradn\u00e9 traktory<\/strong><\/a>. Pre servis a dlhodob\u00fa prev\u00e1dzku s\u00fa samozrejme dostupn\u00e9 aj <a href=\"https:\/\/www.exkalibr.sk\/zahrada-zahradni-naradi-sekacky-a-zahradni-nuzky-sekaci-traktory-nahradni-dily_c28379.html\" target=\"_blank\" rel=\"noopener\"><strong>n\u00e1hradn\u00e9 diely Cub Cadet<\/strong><\/a>.<\/p>\n<h2><strong>Hlavn\u00e9 v\u00fdhody<\/strong><\/h2>\n<ul>\n<li>V\u00fdkonn\u00fd dvojvalcov\u00fd motor Cub Cadet V-Twin s objemom 679 cm\u00b3<\/li>\n<li>\u0160\u00edrka kosenia 102 cm pre r\u00fdchlu \u00fadr\u017ebu v\u00e4\u010d\u0161\u00edch pl\u00f4ch<\/li>\n<li>Hydrostatick\u00e1 prevodovka s plynul\u00fdm ovl\u00e1dan\u00edm no\u017en\u00fdm ped\u00e1lom<\/li>\n<li>Ve\u013ek\u00fd zbern\u00fd k\u00f4\u0161 s objemom 245 litrov<\/li>\n<li>Mal\u00fd polomer ot\u00e1\u010dania pre \u013eahk\u00e9 man\u00e9vrovanie<\/li>\n<li>Stabiln\u00fd oce\u013eov\u00fd r\u00e1m a robustn\u00e1 kon\u0161trukcia Komfortn\u00e9 sedadlo s vysok\u00fdm operadlom<\/li>\n<\/ul>\n<p>Tento traktor m\u00e1me vystaven\u00fd na na\u0161ej predajni, kde si ho m\u00f4\u017eete pozrie\u0165 a vysk\u00fa\u0161a\u0165.<\/p>\n<p>Traktor si tie\u017e m\u00f4\u017eete detailnej\u0161ie prezrie\u0165 aj na na\u0161om e-shope na tomto <a href=\"https:\/\/www.exkalibr.sk\/cub-cadet-lt3-r102-zahradni-sekaci-traktor-s-kosem_d292522.html\" target=\"_blank\" rel=\"noopener\"><strong>odkaze<\/strong><\/a>.<\/p>\n<hr \/>\n<h1 style=\"text-align: center;\"><span style=\"color: #f8aa00;\"><strong>Cub Cadet Z2 117 S \u2013 zero turn ovl\u00e1danie s klasick\u00fdm volantom<\/strong><\/span><\/h1>\n<p><img loading=\"lazy\" decoding=\"async\" class=\"wp-image-534 size-full aligncenter\" src=\"http:\/\/blog.exkalibr.sk\/wp-content\/uploads\/2026\/03\/cubcadet3.jpg\" alt=\"\" width=\"1200\" height=\"800\" srcset=\"https:\/\/blog.exkalibr.sk\/wp-content\/uploads\/2026\/03\/cubcadet3.jpg 1200w, https:\/\/blog.exkalibr.sk\/wp-content\/uploads\/2026\/03\/cubcadet3-300x200.jpg 300w, https:\/\/blog.exkalibr.sk\/wp-content\/uploads\/2026\/03\/cubcadet3-1024x683.jpg 1024w, https:\/\/blog.exkalibr.sk\/wp-content\/uploads\/2026\/03\/cubcadet3-768x512.jpg 768w, https:\/\/blog.exkalibr.sk\/wp-content\/uploads\/2026\/03\/cubcadet3-640x427.jpg 640w\" sizes=\"auto, (max-width: 1200px) 100vw, 1200px\" \/><\/p>\n<p>Model <strong>Cub Cadet Z2 117 S<\/strong> pon\u00faka v\u00fdhody technol\u00f3gie Zero Radius, ale z\u00e1rove\u0148 zachov\u00e1va klasick\u00e9 ovl\u00e1danie pomocou volantu. V\u010faka tomu je riadenie ve\u013emi prirodzen\u00e9 a pohodln\u00e9 aj pre u\u017e\u00edvate\u013eov, ktor\u00ed s\u00fa zvyknut\u00ed na klasick\u00e9 z\u00e1hradn\u00e9 traktory.<\/p>\n<p>\u0160\u00edrka z\u00e1beru 117 cm zaist\u00ed r\u00fdchle pokosenie v\u00e4\u010d\u0161ej plochy a dvojvalcov\u00fd motor Kawasaki poskytuje stabiln\u00fd v\u00fdkon aj pri dlh\u0161ej pr\u00e1ci.<\/p>\n<p>Rovnako ako pri ostatn\u00fdch modeloch je mo\u017en\u00e9 traktor roz\u0161\u00edri\u0165 o r\u00f4zne <a href=\"https:\/\/www.exkalibr.sk\/zahrada-zahradni-naradi-sekacky-a-zahradni-nuzky-sekaci-traktory-prislusenstvi-a-doplnky_c28141.html\" target=\"_blank\" rel=\"noopener\"><strong>doplnky pre z\u00e1hradn\u00e9 traktory<\/strong><\/a>, \u010do umo\u017e\u0148uje vyu\u017e\u00edva\u0165 stroj prakticky po cel\u00fd rok. Pre pravideln\u00fd servis s\u00fa samozrejme k dispoz\u00edcii aj <a href=\"https:\/\/www.exkalibr.sk\/zahrada-zahradni-naradi-sekacky-a-zahradni-nuzky-sekaci-traktory-nahradni-dily_c28379.html\" target=\"_blank\" rel=\"noopener\"><strong>n\u00e1hradn\u00e9 diely Cub Cadet<\/strong><\/a>.<\/p>\n<h2><strong>Hlavn\u00e9 v\u00fdhody<\/strong><\/h2>\n<ul>\n<li>Technol\u00f3gia Zero Radius pre ve\u013emi dobr\u00fa man\u00e9vrovate\u013enos\u0165<\/li>\n<li>Ovl\u00e1danie pomocou volantu pre prirodzen\u00e9 a pohodln\u00e9 riadenie<\/li>\n<li>Siln\u00fd dvojvalcov\u00fd motor Kawasaki FR691V s objemom 726 cm\u00b3<\/li>\n<li>\u0160\u00edrka kosenia 117 cm pre efekt\u00edvnu \u00fadr\u017ebu v\u00e4\u010d\u0161\u00edch pl\u00f4ch<\/li>\n<li>Dvojit\u00e1 hydrostatick\u00e1 prevodovka s plynul\u00fdm ovl\u00e1dan\u00edm<\/li>\n<li>Elektromagnetick\u00e9 zapojenie no\u017eov pre spo\u013eahliv\u00fa prev\u00e1dzku<\/li>\n<li>Komfortn\u00e9 sedadlo a ergonomick\u00e9 ovl\u00e1danie<\/li>\n<li>LED svetl\u00e1 pre lep\u0161iu vidite\u013enos\u0165 pri pr\u00e1ci<\/li>\n<\/ul>\n<p>Aj tento model je mo\u017en\u00e9 vidie\u0165 na na\u0161ej predajni av pr\u00edpade z\u00e1ujmu ho vysk\u00fa\u0161a\u0165.<\/p>\n<p>Alebo nav\u0161t\u00edvte n\u00e1\u0161 e-shop a pozrite si traktor online na tomto <a href=\"https:\/\/www.exkalibr.sk\/cub-cadet-z2-117-s-zahradni-rider-predvadeci_d294362.html\" target=\"_blank\" rel=\"noopener\"><strong>odkaze<\/strong><\/a>.<\/p>\n<hr \/>\n<h1><strong>Pr\u00ed\u010fte si traktory prezrie\u0165 osobne<\/strong><\/h1>\n<p>A pokia\u013e pr\u00e1ve nie ste bl\u00edzko, na na\u0161om e-shope n\u00e1jdete \u0161ir\u0161\u00ed v\u00fdber <a href=\"https:\/\/www.exkalibr.sk\/zahrada-zahradni-naradi-sekacky-a-zahradni-nuzky-sekaci-traktory_c28124.html\" target=\"_blank\" rel=\"noopener\"><strong>z\u00e1hradn\u00fdch traktorov<\/strong><\/a>, <a href=\"https:\/\/www.exkalibr.sk\/zahrada-zahradni-naradi-sekacky-a-zahradni-nuzky-roboticke-sekacky_c28137.html\" target=\"_blank\" rel=\"noopener\"><strong>robotick\u00fdch kosa\u010diek<\/strong><\/a> aj praktick\u00e9ho <a href=\"https:\/\/www.exkalibr.sk\/zahrada-zahradni-naradi-sekacky-a-zahradni-nuzky-sekaci-traktory-prislusenstvi-a-doplnky_c28141.html\" target=\"_blank\" rel=\"noopener\"><strong>pr\u00edslu\u0161enstva k z\u00e1hradn\u00fdm traktorom<\/strong><\/a> pre r\u00f4zne typy z\u00e1hrad. Radi v\u00e1m pom\u00f4\u017eeme s v\u00fdberom spr\u00e1vneho stroja pod\u013ea ve\u013ekosti pozemku, ter\u00e9nu aj sp\u00f4sobu vyu\u017eitia.<\/p>\n<p>Niektor\u00e9 z uveden\u00fdch modelov si m\u00f4\u017eete pozrie\u0165 priamo na na\u0161ej predajni <a href=\"https:\/\/www.google.com\/maps\/place\/Nebory+613%2F613,+739+61+T%C5%99inec+1-Nebory\/@49.6761233,18.6165376,17z\/data=!4m6!3m5!1s0x471405850d2f4e37:0x428e6e0a7ba15222!8m2!3d49.6756513!4d18.6185761!16s%2Fg%2F11y52mnsz7?entry=ttu&amp;g_ep=EgoyMDI2MDMyMi4wIKXMDSoASAFQAw%3D%3D\" target=\"_blank\" rel=\"noopener\"><strong>v T\u0159inci<\/strong><\/a>. Na\u0161i technici v\u00e1m radi poradia, vysvetlia rozdiely medzi jednotliv\u00fdmi modelmi a pom\u00f4\u017eu vybra\u0165 rie\u0161enie, ktor\u00e9 bude pre va\u0161u z\u00e1hradu najvhodnej\u0161ie.<\/p>\n<p>Kr\u00e1sny de\u0148 praje t\u00edm EXKALIBR s.r.o.<\/p>\n<h1 style=\"text-align: left;\"><\/h1>\n","protected":false},"excerpt":{"rendered":"<p>&nbsp; Z\u00e1hradn\u00e9 traktory Cub Cadet: V\u00fdkon a pohodlie pre kosenie ve\u013ek\u00fdch pl\u00f4ch &nbsp; Sez\u00f3na kosenia sa pomaly bl\u00ed\u017ei a pokia\u013e m\u00e1te v\u00e4\u010d\u0161iu z\u00e1hradu alebo rozsiahlej\u0161ie tr\u00e1vnat\u00e9 plochy, z\u00e1hradn\u00fd traktor je&#8230;<\/p>\n","protected":false},"author":4,"featured_media":530,"comment_status":"open","ping_status":"open","sticky":false,"template":"","format":"standard","meta":{"footnotes":""},"categories":[4],"tags":[],"class_list":["post-518","post","type-post","status-publish","format-standard","has-post-thumbnail","hentry","category-novinky","entry"],"_links":{"self":[{"href":"https:\/\/blog.exkalibr.sk\/index.php\/wp-json\/wp\/v2\/posts\/518","targetHints":{"allow":["GET"]}}],"collection":[{"href":"https:\/\/blog.exkalibr.sk\/index.php\/wp-json\/wp\/v2\/posts"}],"about":[{"href":"https:\/\/blog.exkalibr.sk\/index.php\/wp-json\/wp\/v2\/types\/post"}],"author":[{"embeddable":true,"href":"https:\/\/blog.exkalibr.sk\/index.php\/wp-json\/wp\/v2\/users\/4"}],"replies":[{"embeddable":true,"href":"https:\/\/blog.exkalibr.sk\/index.php\/wp-json\/wp\/v2\/comments?post=518"}],"version-history":[{"count":6,"href":"https:\/\/blog.exkalibr.sk\/index.php\/wp-json\/wp\/v2\/posts\/518\/revisions"}],"predecessor-version":[{"id":535,"href":"https:\/\/blog.exkalibr.sk\/index.php\/wp-json\/wp\/v2\/posts\/518\/revisions\/535"}],"wp:featuredmedia":[{"embeddable":true,"href":"https:\/\/blog.exkalibr.sk\/index.php\/wp-json\/wp\/v2\/media\/530"}],"wp:attachment":[{"href":"https:\/\/blog.exkalibr.sk\/index.php\/wp-json\/wp\/v2\/media?parent=518"}],"wp:term":[{"taxonomy":"category","embeddable":true,"href":"https:\/\/blog.exkalibr.sk\/index.php\/wp-json\/wp\/v2\/categories?post=518"},{"taxonomy":"post_tag","embeddable":true,"href":"https:\/\/blog.exkalibr.sk\/index.php\/wp-json\/wp\/v2\/tags?post=518"}],"curies":[{"name":"wp","href":"https:\/\/api.w.org\/{rel}","templated":true}]}}